{"id":4831,"date":"2024-10-16T17:58:15","date_gmt":"2024-10-16T15:58:15","guid":{"rendered":"https:\/\/thefacultyapp.com\/news\/?p=4831"},"modified":"2026-01-09T17:09:49","modified_gmt":"2026-01-09T16:09:49","slug":"test-di-medicina-2025","status":"publish","type":"post","link":"https:\/\/thefacultyapp.com\/news\/test-di-medicina-2025\/","title":{"rendered":"Aggiornamenti test di Medicina 2025\u200b"},"content":{"rendered":"\t\t<div data-elementor-type=\"wp-post\" data-elementor-id=\"4831\" class=\"elementor elementor-4831\">\n\t\t\t\t\t\t<section class=\"elementor-section elementor-top-section elementor-element elementor-element-fadc29a elementor-section-boxed elementor-section-height-default elementor-section-height-default wpr-particle-no wpr-jarallax-no wpr-parallax-no wpr-sticky-section-no\" data-id=\"fadc29a\" data-element_type=\"section\">\n\t\t\t\t\t\t<div class=\"elementor-container elementor-column-gap-default\">\n\t\t\t\t\t<div class=\"elementor-column elementor-col-100 elementor-top-column elementor-element elementor-element-4a6337b\" data-id=\"4a6337b\" data-element_type=\"column\">\n\t\t\t<div class=\"elementor-widget-wrap elementor-element-populated\">\n\t\t\t\t\t\t<div class=\"elementor-element elementor-element-641199e wpr-post-info-align-left elementor-widget elementor-widget-wpr-post-info\" data-id=\"641199e\" data-element_type=\"widget\" data-widget_type=\"wpr-post-info.default\">\n\t\t\t\t<div class=\"elementor-widget-container\">\n\t\t\t\t\t<ul class=\"wpr-post-info wpr-post-info-horizontal\"><li class=\"wpr-post-info-date\">Gennaio 9, 2026<\/li><\/ul>\t\t\t\t<\/div>\n\t\t\t\t<\/div>\n\t\t\t\t<div class=\"elementor-element elementor-element-b2a6700 elementor-widget elementor-widget-heading\" data-id=\"b2a6700\" data-element_type=\"widget\" data-widget_type=\"heading.default\">\n\t\t\t\t<div class=\"elementor-widget-container\">\n\t\t\t\t\t<h1 class=\"elementor-heading-title elementor-size-xl\">Test di Medicina 2025 o semestre comune Medicina: tutte le novit\u00e0<\/h1>\t\t\t\t<\/div>\n\t\t\t\t<\/div>\n\t\t\t\t<div class=\"elementor-element elementor-element-8322293 elementor-widget elementor-widget-heading\" data-id=\"8322293\" data-element_type=\"widget\" data-widget_type=\"heading.default\">\n\t\t\t\t<div class=\"elementor-widget-container\">\n\t\t\t\t\t<p class=\"elementor-heading-title elementor-size-medium\">\u26a0\ufe0f Pagina in continuo aggiornamento con le ultime novit\u00e0 \u26a0\ufe0f<\/p>\t\t\t\t<\/div>\n\t\t\t\t<\/div>\n\t\t\t\t<section class=\"elementor-section elementor-inner-section elementor-element elementor-element-f9d8660 elementor-section-boxed elementor-section-height-default elementor-section-height-default wpr-particle-no wpr-jarallax-no wpr-parallax-no wpr-sticky-section-no\" data-id=\"f9d8660\" data-element_type=\"section\">\n\t\t\t\t\t\t<div class=\"elementor-container elementor-column-gap-default\">\n\t\t\t\t\t<div class=\"elementor-column elementor-col-50 elementor-inner-column elementor-element elementor-element-d7e8353\" data-id=\"d7e8353\" data-element_type=\"column\">\n\t\t\t<div class=\"elementor-widget-wrap elementor-element-populated\">\n\t\t\t\t\t\t<div class=\"elementor-element elementor-element-0f51dc4 elementor-widget elementor-widget-image\" data-id=\"0f51dc4\" data-element_type=\"widget\" data-widget_type=\"image.default\">\n\t\t\t\t<div class=\"elementor-widget-container\">\n\t\t\t\t\t\t\t\t\t\t\t\t\t\t\t<img decoding=\"async\" src=\"https:\/\/thefacultyapp.com\/news\/wp-content\/uploads\/elementor\/thumbs\/articolo_testmed2025-qvnfj73ho6u0uciuwix26cjj4o2wbwcp2comqa38rw.png\" title=\"articolo_testmed2025\" alt=\"test di medicina 2025\" loading=\"lazy\" \/>\t\t\t\t\t\t\t\t\t\t\t\t\t\t\t<\/div>\n\t\t\t\t<\/div>\n\t\t\t\t\t<\/div>\n\t\t<\/div>\n\t\t\t\t<div class=\"elementor-column elementor-col-50 elementor-inner-column elementor-element elementor-element-64f1297\" data-id=\"64f1297\" data-element_type=\"column\">\n\t\t\t<div class=\"elementor-widget-wrap elementor-element-populated\">\n\t\t\t\t\t\t<div class=\"elementor-element elementor-element-e0572d1 elementor-widget elementor-widget-text-editor\" data-id=\"e0572d1\" data-element_type=\"widget\" data-widget_type=\"text-editor.default\">\n\t\t\t\t<div class=\"elementor-widget-container\">\n\t\t\t\t\t\t\t\t\t<p><span style=\"font-weight: 400;\">Se stai pensando di frequentare medicina nell&#8217;anno 2025\/2026?<\/span><span style=\"color: var( --e-global-color-primary ); font-style: inherit; font-weight: 400;\">\u00a0Vediamo cosa dovresti aspettarti, secondo le ultime notizie delle principali testate giornalistiche italiane.<\/span><\/p><p><strong><img decoding=\"async\" class=\"emoji\" role=\"img\" draggable=\"false\" src=\"https:\/\/s.w.org\/images\/core\/emoji\/15.0.3\/svg\/26a0.svg\" alt=\"\u26a0\ufe0f\" \/>Terremo aggiornata questa pagina con tutte le novit\u00e0.<\/strong><\/p>\t\t\t\t\t\t\t\t<\/div>\n\t\t\t\t<\/div>\n\t\t\t\t\t<\/div>\n\t\t<\/div>\n\t\t\t\t\t<\/div>\n\t\t<\/section>\n\t\t\t\t<div class=\"elementor-element elementor-element-02b1630 elementor-widget-divider--view-line elementor-widget elementor-widget-divider\" data-id=\"02b1630\" data-element_type=\"widget\" data-widget_type=\"divider.default\">\n\t\t\t\t<div class=\"elementor-widget-container\">\n\t\t\t\t\t\t\t<div class=\"elementor-divider\">\n\t\t\t<span class=\"elementor-divider-separator\">\n\t\t\t\t\t\t<\/span>\n\t\t<\/div>\n\t\t\t\t\t\t<\/div>\n\t\t\t\t<\/div>\n\t\t\t\t\t<\/div>\n\t\t<\/div>\n\t\t\t\t\t<\/div>\n\t\t<\/section>\n\t\t\t\t<section class=\"elementor-section elementor-top-section elementor-element elementor-element-ec36b22 elementor-section-boxed elementor-section-height-default elementor-section-height-default wpr-particle-no wpr-jarallax-no wpr-parallax-no wpr-sticky-section-no\" data-id=\"ec36b22\" data-element_type=\"section\">\n\t\t\t\t\t\t<div class=\"elementor-container elementor-column-gap-default\">\n\t\t\t\t\t<div class=\"elementor-column elementor-col-100 elementor-top-column elementor-element elementor-element-a43f20d\" data-id=\"a43f20d\" data-element_type=\"column\">\n\t\t\t<div class=\"elementor-widget-wrap elementor-element-populated\">\n\t\t\t\t\t\t<div class=\"elementor-element elementor-element-26b732d elementor-widget elementor-widget-heading\" data-id=\"26b732d\" data-element_type=\"widget\" data-widget_type=\"heading.default\">\n\t\t\t\t<div class=\"elementor-widget-container\">\n\t\t\t\t\t<h2 class=\"elementor-heading-title elementor-size-large\">Cosa sappiamo sul test di Medicina 2025 e sul semestre aperto Medicina<\/h2>\t\t\t\t<\/div>\n\t\t\t\t<\/div>\n\t\t\t\t<div class=\"elementor-element elementor-element-c6f6dec elementor-widget elementor-widget-heading\" data-id=\"c6f6dec\" data-element_type=\"widget\" data-widget_type=\"heading.default\">\n\t\t\t\t<div class=\"elementor-widget-container\">\n\t\t\t\t\t<h3 class=\"elementor-heading-title elementor-size-medium\">23 giugno 2025<\/h3>\t\t\t\t<\/div>\n\t\t\t\t<\/div>\n\t\t\t\t<div class=\"elementor-element elementor-element-8b79952 elementor-widget elementor-widget-text-editor\" data-id=\"8b79952\" data-element_type=\"widget\" data-widget_type=\"text-editor.default\">\n\t\t\t\t<div class=\"elementor-widget-container\">\n\t\t\t\t\t\t\t\t\t<p><span style=\"font-weight: normal;\">Ecco le ultime novit\u00e0 sul semestre aperto di Medicina 2025:<br \/><\/span><\/p><ul><li><span style=\"font-weight: normal;\">Le iscrizioni al semestre si apriranno il <\/span><b>23 giugno<\/b><span style=\"font-weight: normal;\"> e si chiuderanno il <\/span><b>25 luglio <\/b><span style=\"font-weight: normal;\">su <a href=\"https:\/\/www.universitaly.it\/\" target=\"_blank\" rel=\"noopener\">Universitaly<\/a><\/span><\/li><li><span style=\"font-weight: normal;\">Il semestre aperto inizier\u00e0 in tutte le Universit\u00e0 italiane il <\/span><b>1 settembre<\/b><span style=\"font-weight: normal;\">, e si dovr\u00e0 concludere <\/span><b>entro il 30 novembre<\/b><span style=\"font-weight: normal;\">.\u00a0<\/span><\/li><li><span style=\"font-weight: normal;\">Le date dei due appelli di esami saranno il <\/span><b>30 novembre<\/b><span style=\"font-weight: normal;\"> e il <\/span><b>10 dicembre<\/b><span style=\"font-weight: normal;\">, contemporaneamente in tutta Italia.<\/span><\/li><li><span style=\"font-weight: normal;\">Gli Atenei italiani inoltre aggiungeranno <\/span><b>altri 3000 posti<\/b><span style=\"font-weight: normal;\">.\u00a0\u00a0<\/span><\/li><\/ul>\t\t\t\t\t\t\t\t<\/div>\n\t\t\t\t<\/div>\n\t\t\t\t<div class=\"elementor-element elementor-element-9fc98b6 elementor-widget-divider--view-line elementor-widget elementor-widget-divider\" data-id=\"9fc98b6\" data-element_type=\"widget\" data-widget_type=\"divider.default\">\n\t\t\t\t<div class=\"elementor-widget-container\">\n\t\t\t\t\t\t\t<div class=\"elementor-divider\">\n\t\t\t<span class=\"elementor-divider-separator\">\n\t\t\t\t\t\t<\/span>\n\t\t<\/div>\n\t\t\t\t\t\t<\/div>\n\t\t\t\t<\/div>\n\t\t\t\t<div class=\"elementor-element elementor-element-6d0db08 elementor-widget elementor-widget-heading\" data-id=\"6d0db08\" data-element_type=\"widget\" data-widget_type=\"heading.default\">\n\t\t\t\t<div class=\"elementor-widget-container\">\n\t\t\t\t\t<h3 class=\"elementor-heading-title elementor-size-medium\">4 giugno 2025<\/h3>\t\t\t\t<\/div>\n\t\t\t\t<\/div>\n\t\t\t\t<div class=\"elementor-element elementor-element-8e519f2 elementor-widget elementor-widget-text-editor\" data-id=\"8e519f2\" data-element_type=\"widget\" data-widget_type=\"text-editor.default\">\n\t\t\t\t<div class=\"elementor-widget-container\">\n\t\t\t\t\t\t\t\t\t<p><span style=\"font-weight: 400;\">Nel nuovo decreto firmato dalla ministra dell\u2019Universit\u00e0 Anna Maria Bernini sappiamo che, al termine del semestre aperto, ci saranno tre esami uguali per tutti e in contemporanea per tutti gli atenei italiani.&nbsp;Potranno partecipare solo gli studenti che avranno rispettato l&#8217;obbligo di frequenza per tutti e tre gli insegnamenti.<\/span><\/p>\n<p><span style=\"font-weight: 400;\">Gli esami saranno sulle materie di <\/span><b>Chimica e propedeutica Biochimica, Fisica e Biologia<\/b><span style=\"font-weight: 400;\">, con quesiti a risposta multipla e a completamento.&nbsp;Le prove si terranno in due appelli.<\/span><\/p>\n<p><span style=\"font-weight: 400;\">Alla fine degli esami, verr\u00e0 stilata una graduatoria nazionale di Medicina 2025, basata sul punteggio totale (massimo 93 punti). Per accedere alla graduatoria, servono almeno 18\/30 per ogni prova.<\/span><\/p>\n<p><span style=\"font-weight: 400;\">I migliori in graduatoria accederanno al secondo semestre di Medicina. Gli altri potranno scegliere se:<\/span><\/p>\n<ul>\n<li><span style=\"font-style: inherit;\"><b>Riprovare<\/b><\/span><span style=\"font-weight: 400; font-style: inherit;\"> l\u2019anno successivo (senza perdere i crediti gi\u00e0 ottenuti)<\/span><\/li>\n<li><b>Proseguire in un corso affine,<\/b><span style=\"font-weight: 400;\"> trovi l&#8217;elenco completo all&#8217;Articolo 8 del Decreto. In questi casi, i crediti ottenuti nel primo semestre saranno validi.<\/span><\/li>\n<\/ul>\n<p><span style=\"font-style: inherit; font-weight: normal;\">Leggi di pi\u00f9 in <\/span><b style=\"font-style: inherit;\"><a href=\"https:\/\/thefacultyapp.com\/news\/test-medicina-2025-ultime-notizie\/\">questo articolo<\/a><\/b><span style=\"font-style: inherit; font-weight: normal;\">.<\/span><\/p>\t\t\t\t\t\t\t\t<\/div>\n\t\t\t\t<\/div>\n\t\t\t\t<div class=\"elementor-element elementor-element-b01f981 elementor-widget-divider--view-line elementor-widget elementor-widget-divider\" data-id=\"b01f981\" data-element_type=\"widget\" data-widget_type=\"divider.default\">\n\t\t\t\t<div class=\"elementor-widget-container\">\n\t\t\t\t\t\t\t<div class=\"elementor-divider\">\n\t\t\t<span class=\"elementor-divider-separator\">\n\t\t\t\t\t\t<\/span>\n\t\t<\/div>\n\t\t\t\t\t\t<\/div>\n\t\t\t\t<\/div>\n\t\t\t\t<div class=\"elementor-element elementor-element-2655859 elementor-widget elementor-widget-heading\" data-id=\"2655859\" data-element_type=\"widget\" data-widget_type=\"heading.default\">\n\t\t\t\t<div class=\"elementor-widget-container\">\n\t\t\t\t\t<h3 class=\"elementor-heading-title elementor-size-medium\">15 maggio 2025<\/h3>\t\t\t\t<\/div>\n\t\t\t\t<\/div>\n\t\t\t\t<div class=\"elementor-element elementor-element-34d7231 elementor-widget elementor-widget-text-editor\" data-id=\"34d7231\" data-element_type=\"widget\" data-widget_type=\"text-editor.default\">\n\t\t\t\t<div class=\"elementor-widget-container\">\n\t\t\t\t\t\t\t\t\t<p><span style=\"font-weight: normal;\">Pubblicato in Gazzetta il <\/span><b>primo decreto della riforma di Medicina 2025<\/b><span style=\"font-weight: normal;\">.<\/span><\/p><p><span style=\"font-weight: normal;\">Questo decreto cambia il modo in cui si entra nei corsi di laurea in Medicina, Odontoiatria e Medicina Veterinaria. L&#8217;obiettivo \u00e8 migliorare il Servizio Sanitario Nazionale e garantire una formazione di qualit\u00e0.<\/span><\/p><p><span style=\"font-weight: normal;\">Leggi di pi\u00f9 in <\/span><b><a href=\"https:\/\/thefacultyapp.com\/news\/medicina-2025-primo-decreto-gazzetta\/\">questo articolo<\/a><\/b><span style=\"font-weight: normal;\">.<\/span><\/p>\t\t\t\t\t\t\t\t<\/div>\n\t\t\t\t<\/div>\n\t\t\t\t<div class=\"elementor-element elementor-element-b04f280 elementor-widget-divider--view-line elementor-widget elementor-widget-divider\" data-id=\"b04f280\" data-element_type=\"widget\" data-widget_type=\"divider.default\">\n\t\t\t\t<div class=\"elementor-widget-container\">\n\t\t\t\t\t\t\t<div class=\"elementor-divider\">\n\t\t\t<span class=\"elementor-divider-separator\">\n\t\t\t\t\t\t<\/span>\n\t\t<\/div>\n\t\t\t\t\t\t<\/div>\n\t\t\t\t<\/div>\n\t\t\t\t<div class=\"elementor-element elementor-element-cec7aa9 elementor-widget elementor-widget-heading\" data-id=\"cec7aa9\" data-element_type=\"widget\" data-widget_type=\"heading.default\">\n\t\t\t\t<div class=\"elementor-widget-container\">\n\t\t\t\t\t<h3 class=\"elementor-heading-title elementor-size-medium\">9 maggio 2025<\/h3>\t\t\t\t<\/div>\n\t\t\t\t<\/div>\n\t\t\t\t<div class=\"elementor-element elementor-element-ae7fce8 elementor-widget elementor-widget-text-editor\" data-id=\"ae7fce8\" data-element_type=\"widget\" data-widget_type=\"text-editor.default\">\n\t\t\t\t<div class=\"elementor-widget-container\">\n\t\t\t\t\t\t\t\t\t<p data-start=\"131\" data-end=\"479\"><span style=\"font-style: inherit;\"><b>Approvata la riforma che prevede il semestre filtro per i Corsi di Laurea Magistrale in Medicina, Odontoiatria e Veterinaria (in lingua italiana).\u00a0<\/b><\/span><\/p><p data-start=\"131\" data-end=\"479\"><span style=\"font-style: inherit; font-weight: 400;\">Il Ministro Anna Maria Bernini ha dichiarato che entro fine maggio arriveranno <\/span><span style=\"font-style: inherit;\"><b>decreti attuativi <\/b><\/span><span style=\"font-style: inherit; font-weight: 400;\">che chiariranno <strong>modalit\u00e0<\/strong>, <strong>tempistiche<\/strong> e tutte le altre questioni legate <\/span><span style=\"font-weight: normal;\"><span style=\"font-style: inherit;\">all&#8217;<\/span><span style=\"font-style: inherit;\">accesso<\/span><\/span><span style=\"font-style: inherit; font-weight: 400;\">, che per ora non sono ancora state ben definite.\u00a0<\/span><\/p><p data-start=\"131\" data-end=\"479\"><span style=\"font-style: inherit;\"><b>Le materie caratterizzanti del semestre saranno Biologia, Chimica e Fisica.\u00a0<\/b><\/span><\/p>\t\t\t\t\t\t\t\t<\/div>\n\t\t\t\t<\/div>\n\t\t\t\t<div class=\"elementor-element elementor-element-b0099f6 elementor-widget-divider--view-line elementor-widget elementor-widget-divider\" data-id=\"b0099f6\" data-element_type=\"widget\" data-widget_type=\"divider.default\">\n\t\t\t\t<div class=\"elementor-widget-container\">\n\t\t\t\t\t\t\t<div class=\"elementor-divider\">\n\t\t\t<span class=\"elementor-divider-separator\">\n\t\t\t\t\t\t<\/span>\n\t\t<\/div>\n\t\t\t\t\t\t<\/div>\n\t\t\t\t<\/div>\n\t\t\t\t<div class=\"elementor-element elementor-element-ec58a29 elementor-widget elementor-widget-heading\" data-id=\"ec58a29\" data-element_type=\"widget\" data-widget_type=\"heading.default\">\n\t\t\t\t<div class=\"elementor-widget-container\">\n\t\t\t\t\t<h3 class=\"elementor-heading-title elementor-size-medium\">18 marzo 2025<\/h3>\t\t\t\t<\/div>\n\t\t\t\t<\/div>\n\t\t\t\t<div class=\"elementor-element elementor-element-ab4da92 elementor-widget elementor-widget-text-editor\" data-id=\"ab4da92\" data-element_type=\"widget\" data-widget_type=\"text-editor.default\">\n\t\t\t\t<div class=\"elementor-widget-container\">\n\t\t\t\t\t\t\t\t\t<p data-start=\"131\" data-end=\"479\"><span style=\"font-weight: normal;\"><strong>La legge delega che avvia la riforma ai corsi di laurea in Medicina, Odontoiatria e Veterinaria \u00e8 stata ufficialmente pubblicata in Gazzetta Ufficiale.<\/strong><\/span><\/p>\n<p><b>Cosa succede ora?<\/b><span style=\"font-weight: normal;\"> Inizia quindi il periodo di <\/span><em style=\"font-weight: normal;\">vacatio legis<\/em><span style=\"font-weight: normal;\">, che durer\u00e0 15 giorni e terminer\u00e0 il <\/span><strong style=\"font-weight: normal;\">2 aprile<\/strong><span style=\"font-weight: normal;\">: da quella data, <\/span><strong style=\"font-weight: normal;\">la legge entrer\u00e0 in vigore<\/strong><span style=\"font-weight: normal;\">. Dopo questo periodo, il Ministro Bernini ha annunciato che si proceder\u00e0 con la pianificazione dei decreti attuativi in Consiglio dei Ministri. I decreti verranno poi successivamente approvati in Consiglio dei Ministri, firmati dal Presidente della Repubblica e pubblicati in Gazzetta Ufficiale.<\/span><\/p>\n<p data-start=\"131\" data-end=\"479\"><span style=\"font-weight: normal;\"><strong>Quali sono le tempistiche?<\/strong> Se i tempi annunciati dal Ministro Bernini verranno rispettati, i decreti attuativi potrebbero regolare l\u2019accesso ai corsi di Medicina, Odontoiatria e Veterinaria<strong> gi\u00e0 dall\u2019anno accademico 2025\/2026<\/strong>.<\/span><\/p>\t\t\t\t\t\t\t\t<\/div>\n\t\t\t\t<\/div>\n\t\t\t\t<div class=\"elementor-element elementor-element-bb55620 elementor-widget-divider--view-line elementor-widget elementor-widget-divider\" data-id=\"bb55620\" data-element_type=\"widget\" data-widget_type=\"divider.default\">\n\t\t\t\t<div class=\"elementor-widget-container\">\n\t\t\t\t\t\t\t<div class=\"elementor-divider\">\n\t\t\t<span class=\"elementor-divider-separator\">\n\t\t\t\t\t\t<\/span>\n\t\t<\/div>\n\t\t\t\t\t\t<\/div>\n\t\t\t\t<\/div>\n\t\t\t\t<div class=\"elementor-element elementor-element-e143a82 elementor-widget elementor-widget-heading\" data-id=\"e143a82\" data-element_type=\"widget\" data-widget_type=\"heading.default\">\n\t\t\t\t<div class=\"elementor-widget-container\">\n\t\t\t\t\t<h3 class=\"elementor-heading-title elementor-size-medium\">11 marzo 2025<\/h3>\t\t\t\t<\/div>\n\t\t\t\t<\/div>\n\t\t\t\t<div class=\"elementor-element elementor-element-6f0faeb elementor-widget elementor-widget-text-editor\" data-id=\"6f0faeb\" data-element_type=\"widget\" data-widget_type=\"text-editor.default\">\n\t\t\t\t<div class=\"elementor-widget-container\">\n\t\t\t\t\t\t\t\t\t<p data-start=\"131\" data-end=\"479\"><span style=\"font-weight: normal;\"><strong>La Camera ha approvato in via definitiva la riforma dell\u2019accesso ai corsi di laurea in Medicina, Odontoiatria e Veterinaria.<\/strong>&nbsp;Tuttavia, il numero programmato resta: la selezione avverr\u00e0 <strong>alla fine del primo semestre<\/strong>, in base agli esami sostenuti. Non \u00e8 ancora chiaro se la riforma partir\u00e0 da quest&#8217;anno, oppure dai prossimi.<\/span><\/p>\n<p data-start=\"481\" data-end=\"686\"><span style=\"font-weight: normal;\">Solo gli studenti che supereranno questa selezione potranno accedere al secondo anno e proseguire il percorso di studi. La graduatoria sar\u00e0 nazionale e i dettagli verranno definiti nei decreti attuativi.<\/span><\/p>\n<p data-start=\"688\" data-end=\"1008\"><span style=\"font-weight: normal;\">La ministra dell\u2019Universit\u00e0, Anna Maria Bernini, ha definito la riforma &#8220;una rivoluzione&#8221;, sottolineando che permetter\u00e0 di formare almeno 30.000 nuovi medici in pi\u00f9 nei prossimi anni. Tuttavia, le opposizioni criticano il provvedimento, sostenendo che non abolisce il numero chiuso ma ne posticipa solo l\u2019applicazione.<\/span><\/p>\n<p data-start=\"1010\" data-end=\"1140\" data-is-last-node=\"\" data-is-only-node=\"\"><span style=\"font-weight: normal;\">Molti aspetti rimangono da chiarire:&nbsp;<\/span><span style=\"color: var( --e-global-color-primary ); font-weight: normal;\">domani, salvo impedimenti dell&#8217;ultimo minuto, verr\u00e0 approvata in via definitiva, alla Camera, la riforma dell&#8217;accesso alla facolt\u00e0 di Medicina, gi\u00e0 passata al vaglio del Senato, che quindi diventer\u00e0 legge.<\/span><\/p>\t\t\t\t\t\t\t\t<\/div>\n\t\t\t\t<\/div>\n\t\t\t\t<div class=\"elementor-element elementor-element-f6020d0 elementor-widget-divider--view-line elementor-widget elementor-widget-divider\" data-id=\"f6020d0\" data-element_type=\"widget\" data-widget_type=\"divider.default\">\n\t\t\t\t<div class=\"elementor-widget-container\">\n\t\t\t\t\t\t\t<div class=\"elementor-divider\">\n\t\t\t<span class=\"elementor-divider-separator\">\n\t\t\t\t\t\t<\/span>\n\t\t<\/div>\n\t\t\t\t\t\t<\/div>\n\t\t\t\t<\/div>\n\t\t\t\t<div class=\"elementor-element elementor-element-9600b04 elementor-widget elementor-widget-heading\" data-id=\"9600b04\" data-element_type=\"widget\" data-widget_type=\"heading.default\">\n\t\t\t\t<div class=\"elementor-widget-container\">\n\t\t\t\t\t<h3 class=\"elementor-heading-title elementor-size-medium\">16 ottobre 2024<\/h3>\t\t\t\t<\/div>\n\t\t\t\t<\/div>\n\t\t\t\t<div class=\"elementor-element elementor-element-8fe48e0 elementor-widget elementor-widget-text-editor\" data-id=\"8fe48e0\" data-element_type=\"widget\" data-widget_type=\"text-editor.default\">\n\t\t\t\t<div class=\"elementor-widget-container\">\n\t\t\t\t\t\t\t\t\t<p><span style=\"font-weight: 400;\">Il presidente della Commissione Istruzione, Roberto Marti, insieme al presidente della Commissione Sanit\u00e0, Francesco Zaffini, hanno <strong>presentato in Senato la novit\u00e0 sul test di medicina 2025<\/strong>, che rivoluzioner\u00e0 l&#8217;accesso <\/span><span style=\"color: var( --e-global-color-primary ); font-style: inherit; font-weight: 400;\">ai corsi di laurea in Medicina, Odontoiatria e Veterinaria.<\/span><span style=\"font-weight: 400;\">\u00a0<\/span><\/p><p><span style=\"font-weight: 400;\">Il testo \u00e8 stato approvato dalla Commissione Istruzione del Senato, ora deve passare in Aula e poi alla Camera.<\/span><span style=\"color: var( --e-global-color-primary ); font-style: inherit; font-weight: 400;\">\u00a0<\/span><span style=\"font-weight: 400;\">Se i tempi si allungassero, per il prossimo anno accademico si manterr\u00e0 probabilmente il test d&#8217;ingresso come negli anni precedenti.\u00a0<\/span><\/p><p><span style=\"font-weight: 400;\"><strong>N<\/strong><span style=\"font-weight: bold;\">on ci sar\u00e0 pi\u00f9 bisogno di superare un test d&#8217;ingresso<\/span>\u00a0per accedere ai corsi di laurea in Medicina, Odontoiatria e Veterinaria. Tutti potranno\u00a0<span style=\"font-weight: bold;\">iscriversi liberamente e seguire il primo semestre comune<\/span> per questi tre corsi di laurea.\u00a0<\/span><span style=\"color: var( --e-global-color-primary ); font-weight: 400;\">Il vero \u201cfiltro\u201d arriver\u00e0\u00a0<span style=\"font-weight: bold;\">alla fine del primo semestre<\/span>. Gli studenti saranno valutati in base ai crediti formativi (<span style=\"font-weight: bold;\">CFU<\/span>) ottenuti e al\u00a0<span style=\"font-weight: bold;\">superamento di esami specifici<\/span>, che saranno uniformi a livello nazionale. Questa selezione\u00a0<span style=\"font-weight: bold;\">non sar\u00e0 quindi pi\u00f9 basata sui test di ingresso ma sugli esami universitari e sulle materie mediche<\/span>.<\/span><span style=\"color: var( --e-global-color-primary ); font-style: inherit; font-weight: 400;\">\u00a0I<\/span><span style=\"color: var( --e-global-color-primary ); font-weight: 400;\">\u00a0posti per la facolt\u00e0 di Medicina resteranno contingentati e decisi sulla base del fabbisogno concordato con le Regioni e dei posti disponibili nelle diverse universit\u00e0.<\/span><\/p><p><span style=\"font-weight: 400;\">Il test sar\u00e0 quindi sostituito dai risultati di alcuni esami (il numero lo decider\u00e0 il ministero entro un anno dall&#8217;approvazione della legge) che gli studenti daranno alla fine del primo semestre di universit\u00e0, quindi tra dicembre e gennaio. <span style=\"font-weight: bold;\">I voti degli esami porteranno a stilare una graduatoria nazionale<\/span><\/span><span style=\"font-style: inherit; color: var( --e-global-color-primary ); font-weight: 400;\">.\u00a0<\/span><\/p>\t\t\t\t\t\t\t\t<\/div>\n\t\t\t\t<\/div>\n\t\t\t\t<div class=\"elementor-element elementor-element-d64fc96 elementor-widget-divider--view-line elementor-widget elementor-widget-divider\" data-id=\"d64fc96\" data-element_type=\"widget\" data-widget_type=\"divider.default\">\n\t\t\t\t<div class=\"elementor-widget-container\">\n\t\t\t\t\t\t\t<div class=\"elementor-divider\">\n\t\t\t<span class=\"elementor-divider-separator\">\n\t\t\t\t\t\t<\/span>\n\t\t<\/div>\n\t\t\t\t\t\t<\/div>\n\t\t\t\t<\/div>\n\t\t\t\t<div class=\"elementor-element elementor-element-889f4d3 elementor-widget elementor-widget-spacer\" data-id=\"889f4d3\" data-element_type=\"widget\" data-widget_type=\"spacer.default\">\n\t\t\t\t<div class=\"elementor-widget-container\">\n\t\t\t\t\t\t\t<div class=\"elementor-spacer\">\n\t\t\t<div class=\"elementor-spacer-inner\"><\/div>\n\t\t<\/div>\n\t\t\t\t\t\t<\/div>\n\t\t\t\t<\/div>\n\t\t\t\t\t<\/div>\n\t\t<\/div>\n\t\t\t\t\t<\/div>\n\t\t<\/section>\n\t\t\t\t<section class=\"elementor-section elementor-top-section elementor-element elementor-element-93754d8 elementor-section-boxed elementor-section-height-default elementor-section-height-default wpr-particle-no wpr-jarallax-no wpr-parallax-no wpr-sticky-section-no\" data-id=\"93754d8\" data-element_type=\"section\">\n\t\t\t\t\t\t<div class=\"elementor-container elementor-column-gap-default\">\n\t\t\t\t\t<div class=\"elementor-column elementor-col-100 elementor-top-column elementor-element elementor-element-b7f74d9\" data-id=\"b7f74d9\" data-element_type=\"column\">\n\t\t\t<div class=\"elementor-widget-wrap elementor-element-populated\">\n\t\t\t\t\t\t<div class=\"elementor-element elementor-element-6b6f067 elementor-widget elementor-widget-heading\" data-id=\"6b6f067\" data-element_type=\"widget\" data-widget_type=\"heading.default\">\n\t\t\t\t<div class=\"elementor-widget-container\">\n\t\t\t\t\t<h2 class=\"elementor-heading-title elementor-size-large\">Come prepararsi<\/h2>\t\t\t\t<\/div>\n\t\t\t\t<\/div>\n\t\t\t\t<div class=\"elementor-element elementor-element-ee1a8f5 elementor-widget elementor-widget-text-editor\" data-id=\"ee1a8f5\" data-element_type=\"widget\" data-widget_type=\"text-editor.default\">\n\t\t\t\t<div class=\"elementor-widget-container\">\n\t\t\t\t\t\t\t\t\t<p><span style=\"font-weight: 400;\"><strong>La preparazione non va sottovalutata<\/strong>, anche se la modalit\u00e0 di selezione \u00e8 cambiata! Attendiamo ulteriori sviluppi, ma gi\u00e0 da ora c&#8217;\u00e8 una buona notizia.\u00a0Le materie e gli argomenti <strong>rimarranno probabilmente gli stessi<\/strong>, anche nel caso del semestre posticipato, e quindi<strong> puoi iniziare a prepararti gi\u00e0 da adesso.<\/strong><\/span><\/p>\t\t\t\t\t\t\t\t<\/div>\n\t\t\t\t<\/div>\n\t\t\t\t<div class=\"elementor-element elementor-element-94ed5a2 elementor-widget elementor-widget-text-editor\" data-id=\"94ed5a2\" data-element_type=\"widget\" data-widget_type=\"text-editor.default\">\n\t\t\t\t<div class=\"elementor-widget-container\">\n\t\t\t\t\t\t\t\t\t<p>Puoi iniziare gi\u00e0 da ora ad esercitarti gratis con <strong>thefaculty app,<\/strong> in ogni caso, perch\u00e9 \u00e8 pensata per aiutarti nella tua preparazione, in ogni scenario, e si adatter\u00e0 in tutti i casi possibili con le nuove disposizioni.<\/p>\t\t\t\t\t\t\t\t<\/div>\n\t\t\t\t<\/div>\n\t\t\t\t<div class=\"elementor-element elementor-element-f6e0961 elementor-align-center elementor-widget elementor-widget-button\" data-id=\"f6e0961\" data-element_type=\"widget\" data-widget_type=\"button.default\">\n\t\t\t\t<div class=\"elementor-widget-container\">\n\t\t\t\t\t\t\t\t\t<div class=\"elementor-button-wrapper\">\n\t\t\t\t\t<a class=\"elementor-button elementor-button-link elementor-size-md\" href=\"https:\/\/tfly.go.link?adj_t=1hcmnhm7\" target=\"_blank\" rel=\"noopener\">\n\t\t\t\t\t\t<span class=\"elementor-button-content-wrapper\">\n\t\t\t\t\t\t\t\t\t<span class=\"elementor-button-text\">Inizia ora la tua preparazione<\/span>\n\t\t\t\t\t<\/span>\n\t\t\t\t\t<\/a>\n\t\t\t\t<\/div>\n\t\t\t\t\t\t\t\t<\/div>\n\t\t\t\t<\/div>\n\t\t\t\t<div class=\"elementor-element elementor-element-d543b1e elementor-widget elementor-widget-text-editor\" data-id=\"d543b1e\" data-element_type=\"widget\" data-widget_type=\"text-editor.default\">\n\t\t\t\t<div class=\"elementor-widget-container\">\n\t\t\t\t\t\t\t\t\t<p><span style=\"font-weight: normal;\">Se vuoi saperne di pi\u00f9 su Medicina, consulta la <a href=\"https:\/\/thefacultyapp.com\/news\/category\/test-d-ingresso\/test-medicina\/\">sezione dedicata<\/a> del nostro blognotes thefaculty.<\/span><\/p>\t\t\t\t\t\t\t\t<\/div>\n\t\t\t\t<\/div>\n\t\t\t\t\t<\/div>\n\t\t<\/div>\n\t\t\t\t\t<\/div>\n\t\t<\/section>\n\t\t\t\t<\/div>\n\t\t","protected":false},"excerpt":{"rendered":"<p>Se stai pensando di sostenere il test di medicina 2025\/2026, la giornata di oggi, 16 ottobre, ha segnato una svolta. Vediamo cosa dovresti aspettarti, secondo le ultime notizie delle principali testate giornalistiche italiane. Aggiorneremo questa pagina con tutte le novit\u00e0.<\/p>\n","protected":false},"author":9,"featured_media":4834,"comment_status":"closed","ping_status":"closed","sticky":false,"template":"","format":"standard","meta":{"content-type":"","_lmt_disableupdate":"no","_lmt_disable":"","site-sidebar-layout":"default","site-content-layout":"default","ast-global-header-display":"","ast-main-header-display":"","ast-hfb-above-header-display":"","ast-hfb-below-header-display":"","ast-hfb-mobile-header-display":"","site-post-title":"","ast-breadcrumbs-content":"","ast-featured-img":"","footer-sml-layout":"","theme-transparent-header-meta":"","adv-header-id-meta":"","stick-header-meta":"","header-above-stick-meta":"","header-main-stick-meta":"","header-below-stick-meta":"","footnotes":""},"categories":[78,91],"tags":[],"class_list":["post-4831","post","type-post","status-publish","format-standard","has-post-thumbnail","hentry","category-test-medicina","category-odontoiatria"],"modified_by":"Arianna Frescaroli","_links":{"self":[{"href":"https:\/\/thefacultyapp.com\/news\/wp-json\/wp\/v2\/posts\/4831","targetHints":{"allow":["GET"]}}],"collection":[{"href":"https:\/\/thefacultyapp.com\/news\/wp-json\/wp\/v2\/posts"}],"about":[{"href":"https:\/\/thefacultyapp.com\/news\/wp-json\/wp\/v2\/types\/post"}],"author":[{"embeddable":true,"href":"https:\/\/thefacultyapp.com\/news\/wp-json\/wp\/v2\/users\/9"}],"replies":[{"embeddable":true,"href":"https:\/\/thefacultyapp.com\/news\/wp-json\/wp\/v2\/comments?post=4831"}],"version-history":[{"count":53,"href":"https:\/\/thefacultyapp.com\/news\/wp-json\/wp\/v2\/posts\/4831\/revisions"}],"predecessor-version":[{"id":5293,"href":"https:\/\/thefacultyapp.com\/news\/wp-json\/wp\/v2\/posts\/4831\/revisions\/5293"}],"wp:featuredmedia":[{"embeddable":true,"href":"https:\/\/thefacultyapp.com\/news\/wp-json\/wp\/v2\/media\/4834"}],"wp:attachment":[{"href":"https:\/\/thefacultyapp.com\/news\/wp-json\/wp\/v2\/media?parent=4831"}],"wp:term":[{"taxonomy":"category","embeddable":true,"href":"https:\/\/thefacultyapp.com\/news\/wp-json\/wp\/v2\/categories?post=4831"},{"taxonomy":"post_tag","embeddable":true,"href":"https:\/\/thefacultyapp.com\/news\/wp-json\/wp\/v2\/tags?post=4831"}],"curies":[{"name":"wp","href":"https:\/\/api.w.org\/{rel}","templated":true}]}}