{"id":3430,"date":"2024-04-10T18:57:54","date_gmt":"2024-04-10T16:57:54","guid":{"rendered":"https:\/\/thefacultyapp.com\/news\/?p=3430"},"modified":"2024-08-19T17:16:41","modified_gmt":"2024-08-19T15:16:41","slug":"graduatoria-tolc-med-2023-tar-sentenza","status":"publish","type":"post","link":"https:\/\/thefacultyapp.com\/news\/graduatoria-tolc-med-2023-tar-sentenza\/","title":{"rendered":"Graduatoria TOLC MED 2023 ancora valida, il Consiglio di Stato blocca il TAR"},"content":{"rendered":"\t\t<div data-elementor-type=\"wp-post\" data-elementor-id=\"3430\" class=\"elementor elementor-3430\">\n\t\t\t\t\t\t<section class=\"elementor-section elementor-top-section elementor-element elementor-element-b7267c9 elementor-section-boxed elementor-section-height-default elementor-section-height-default wpr-particle-no wpr-jarallax-no wpr-parallax-no wpr-sticky-section-no\" data-id=\"b7267c9\" data-element_type=\"section\">\n\t\t\t\t\t\t<div class=\"elementor-container elementor-column-gap-default\">\n\t\t\t\t\t<div class=\"elementor-column elementor-col-100 elementor-top-column elementor-element elementor-element-62a2616\" data-id=\"62a2616\" data-element_type=\"column\">\n\t\t\t<div class=\"elementor-widget-wrap elementor-element-populated\">\n\t\t\t\t\t\t<div class=\"elementor-element elementor-element-08419fb elementor-widget elementor-widget-heading\" data-id=\"08419fb\" data-element_type=\"widget\" data-widget_type=\"heading.default\">\n\t\t\t\t<div class=\"elementor-widget-container\">\n\t\t\t\t\t<h1 class=\"elementor-heading-title elementor-size-xl\">Graduatoria TOLC MED 2023 ancora valida, il Consiglio di Stato blocca il TAR. Cosa significa per gli studenti?<\/h1>\t\t\t\t<\/div>\n\t\t\t\t<\/div>\n\t\t\t\t\t<\/div>\n\t\t<\/div>\n\t\t\t\t\t<\/div>\n\t\t<\/section>\n\t\t\t\t<section class=\"elementor-section elementor-top-section elementor-element elementor-element-2e42cad elementor-section-boxed elementor-section-height-default elementor-section-height-default wpr-particle-no wpr-jarallax-no wpr-parallax-no wpr-sticky-section-no\" data-id=\"2e42cad\" data-element_type=\"section\">\n\t\t\t\t\t\t<div class=\"elementor-container elementor-column-gap-default\">\n\t\t\t\t\t<div class=\"elementor-column elementor-col-100 elementor-top-column elementor-element elementor-element-652e6b6\" data-id=\"652e6b6\" data-element_type=\"column\">\n\t\t\t<div class=\"elementor-widget-wrap elementor-element-populated\">\n\t\t\t\t\t\t<section class=\"elementor-section elementor-inner-section elementor-element elementor-element-3a528f4 elementor-section-boxed elementor-section-height-default elementor-section-height-default wpr-particle-no wpr-jarallax-no wpr-parallax-no wpr-sticky-section-no\" data-id=\"3a528f4\" data-element_type=\"section\">\n\t\t\t\t\t\t<div class=\"elementor-container elementor-column-gap-default\">\n\t\t\t\t\t<div class=\"elementor-column elementor-col-50 elementor-inner-column elementor-element elementor-element-5ea0d95\" data-id=\"5ea0d95\" data-element_type=\"column\">\n\t\t\t<div class=\"elementor-widget-wrap elementor-element-populated\">\n\t\t\t\t\t\t<div class=\"elementor-element elementor-element-413d844 elementor-widget__width-initial elementor-widget elementor-widget-image\" data-id=\"413d844\" data-element_type=\"widget\" data-widget_type=\"image.default\">\n\t\t\t\t<div class=\"elementor-widget-container\">\n\t\t\t\t\t\t\t\t\t\t\t\t\t\t\t<img decoding=\"async\" src=\"https:\/\/thefacultyapp.com\/news\/wp-content\/uploads\/elementor\/thumbs\/articolo-test-o-tolc-3-qmihp0ihgxt31q1flbz0p88fp4zrrecuqniu5eilv0.png\" title=\"articolo-tolc med 2023\" alt=\"graduatoria tolc med 2023 tar sentenza\" loading=\"lazy\" \/>\t\t\t\t\t\t\t\t\t\t\t\t\t\t\t<\/div>\n\t\t\t\t<\/div>\n\t\t\t\t\t<\/div>\n\t\t<\/div>\n\t\t\t\t<div class=\"elementor-column elementor-col-50 elementor-inner-column elementor-element elementor-element-d7b9e8e\" data-id=\"d7b9e8e\" data-element_type=\"column\">\n\t\t\t<div class=\"elementor-widget-wrap elementor-element-populated\">\n\t\t\t\t\t\t<div class=\"elementor-element elementor-element-07940c9 elementor-widget elementor-widget-text-editor\" data-id=\"07940c9\" data-element_type=\"widget\" data-widget_type=\"text-editor.default\">\n\t\t\t\t<div class=\"elementor-widget-container\">\n\t\t\t\t\t\t\t\t\t<p><span style=\"font-weight: 400;\">A soli sette giorni dalla scadenza per iscriversi alla nuova prova nazionale, prevista in due sessioni il 28 maggio e il 30 luglio, arriva un colpo di scena inaspettato: il Consiglio di Stato emette un&#8217;ordinanza cautelare che <strong>ripristina la validit\u00e0 del bando e della graduatoria del TOLC MED<\/strong> dell&#8217;anno scorso. Questo atto ribalta la decisione del TAR avvenuta il 10 gennaio scorso, e rimanda la decisione con un&#8217;udienza fissata per il 9 luglio.<\/span><\/p><p><span style=\"font-weight: 400;\">Se stai cercando le ultime news sul test 2025, consulta <a href=\"https:\/\/thefacultyapp.com\/news\/numero-chiuso-stop-test-di-medicina-2025\/\">questo articolo<\/a>.<\/span><\/p>\t\t\t\t\t\t\t\t<\/div>\n\t\t\t\t<\/div>\n\t\t\t\t\t<\/div>\n\t\t<\/div>\n\t\t\t\t\t<\/div>\n\t\t<\/section>\n\t\t\t\t<div class=\"elementor-element elementor-element-a31ddd8 elementor-widget-divider--view-line elementor-widget elementor-widget-divider\" data-id=\"a31ddd8\" data-element_type=\"widget\" data-widget_type=\"divider.default\">\n\t\t\t\t<div class=\"elementor-widget-container\">\n\t\t\t\t\t\t\t<div class=\"elementor-divider\">\n\t\t\t<span class=\"elementor-divider-separator\">\n\t\t\t\t\t\t<\/span>\n\t\t<\/div>\n\t\t\t\t\t\t<\/div>\n\t\t\t\t<\/div>\n\t\t\t\t\t<\/div>\n\t\t<\/div>\n\t\t\t\t\t<\/div>\n\t\t<\/section>\n\t\t\t\t<section class=\"elementor-section elementor-top-section elementor-element elementor-element-9072245 elementor-section-boxed elementor-section-height-default elementor-section-height-default wpr-particle-no wpr-jarallax-no wpr-parallax-no wpr-sticky-section-no\" data-id=\"9072245\" data-element_type=\"section\">\n\t\t\t\t\t\t<div class=\"elementor-container elementor-column-gap-default\">\n\t\t\t\t\t<div class=\"elementor-column elementor-col-100 elementor-top-column elementor-element elementor-element-7ff4509\" data-id=\"7ff4509\" data-element_type=\"column\">\n\t\t\t<div class=\"elementor-widget-wrap elementor-element-populated\">\n\t\t\t\t\t\t<div class=\"elementor-element elementor-element-394f55a elementor-widget elementor-widget-heading\" data-id=\"394f55a\" data-element_type=\"widget\" data-widget_type=\"heading.default\">\n\t\t\t\t<div class=\"elementor-widget-container\">\n\t\t\t\t\t<h3 class=\"elementor-heading-title elementor-size-medium\">La sentenza di gennaio 2024<\/h3>\t\t\t\t<\/div>\n\t\t\t\t<\/div>\n\t\t\t\t<div class=\"elementor-element elementor-element-8993f6d elementor-widget elementor-widget-text-editor\" data-id=\"8993f6d\" data-element_type=\"widget\" data-widget_type=\"text-editor.default\">\n\t\t\t\t<div class=\"elementor-widget-container\">\n\t\t\t\t\t\t\t\t\t<p><span style=\"font-weight: 400;\">A gennaio 2024, a seguito di ricorsi presentati nei mesi precedenti riguardanti la procedura di ammissione al corso di laurea in Medicina, \u00e8 stato respinto il meccanismo di equalizzazione del CISIA usato per il test e per questo <strong>la precedente procedura era stata rigettata<\/strong>.\u00a0<\/span><\/p><p><span style=\"font-weight: 400;\">Nonostante l&#8217;annullamento dei decreti e dei bandi, sono state comunque <strong>mantenute valide le immatricolazioni gi\u00e0 effettuate<\/strong> fino alla conclusione dell&#8217;ultimo scorrimento del 22 gennaio 2024, <strong>annullando<\/strong> per\u00f2 gli ultimi scorrimenti nelle graduatorie e per gli <strong>studenti di quarta superiore<\/strong>, che si sono visti escludere.\u00a0<\/span><\/p>\t\t\t\t\t\t\t\t<\/div>\n\t\t\t\t<\/div>\n\t\t\t\t<div class=\"elementor-element elementor-element-6214f38 elementor-widget-divider--view-line elementor-widget elementor-widget-divider\" data-id=\"6214f38\" data-element_type=\"widget\" data-widget_type=\"divider.default\">\n\t\t\t\t<div class=\"elementor-widget-container\">\n\t\t\t\t\t\t\t<div class=\"elementor-divider\">\n\t\t\t<span class=\"elementor-divider-separator\">\n\t\t\t\t\t\t<\/span>\n\t\t<\/div>\n\t\t\t\t\t\t<\/div>\n\t\t\t\t<\/div>\n\t\t\t\t<div class=\"elementor-element elementor-element-f0e7523 elementor-widget elementor-widget-heading\" data-id=\"f0e7523\" data-element_type=\"widget\" data-widget_type=\"heading.default\">\n\t\t\t\t<div class=\"elementor-widget-container\">\n\t\t\t\t\t<h3 class=\"elementor-heading-title elementor-size-medium\">10 aprile 2024: il Consiglio di Stato blocca il TAR<\/h3>\t\t\t\t<\/div>\n\t\t\t\t<\/div>\n\t\t\t\t<div class=\"elementor-element elementor-element-2e59898 elementor-widget elementor-widget-text-editor\" data-id=\"2e59898\" data-element_type=\"widget\" data-widget_type=\"text-editor.default\">\n\t\t\t\t<div class=\"elementor-widget-container\">\n\t\t\t\t\t\t\t\t\t<p><span style=\"font-weight: 400;\">Attualmente, <strong>l&#8217;ordinanza cautelare del 10 aprile<\/strong> accoglie le argomentazioni del CISIA e considera valido il meccanismo precedentemente contestato:<strong> la graduatoria TOLC MED 2023 e il bando sono ancora validi<\/strong><\/span><span style=\"font-weight: 400;\">.<\/span><span style=\"font-weight: 400;\"><br \/><\/span><span style=\"font-weight: 400; font-style: inherit; color: var( --e-global-color-primary ); font-family: var( --e-global-typography-text-font-family ), Sans-serif;\"><br \/>Tuttavia, la conclusione definitiva di questa vicenda \u00e8 ancora lontana. Infatti, il verdetto finale \u00e8 atteso per il <strong>9 luglio<\/strong>, quando il Consiglio di Stato esprimer\u00e0 il proprio parere sui precedenti ricorsi contro la sentenza di gennaio.<\/span><\/p>\t\t\t\t\t\t\t\t<\/div>\n\t\t\t\t<\/div>\n\t\t\t\t<div class=\"elementor-element elementor-element-710ebd3 elementor-widget-divider--view-line elementor-widget elementor-widget-divider\" data-id=\"710ebd3\" data-element_type=\"widget\" data-widget_type=\"divider.default\">\n\t\t\t\t<div class=\"elementor-widget-container\">\n\t\t\t\t\t\t\t<div class=\"elementor-divider\">\n\t\t\t<span class=\"elementor-divider-separator\">\n\t\t\t\t\t\t<\/span>\n\t\t<\/div>\n\t\t\t\t\t\t<\/div>\n\t\t\t\t<\/div>\n\t\t\t\t<div class=\"elementor-element elementor-element-e123773 elementor-widget elementor-widget-heading\" data-id=\"e123773\" data-element_type=\"widget\" data-widget_type=\"heading.default\">\n\t\t\t\t<div class=\"elementor-widget-container\">\n\t\t\t\t\t<h3 class=\"elementor-heading-title elementor-size-medium\">Graduatoria TOLC MED 2023 ancora valida: cosa significa per gli studenti?<\/h3>\t\t\t\t<\/div>\n\t\t\t\t<\/div>\n\t\t\t\t<div class=\"elementor-element elementor-element-0c1329f elementor-widget__width-initial elementor-widget elementor-widget-text-editor\" data-id=\"0c1329f\" data-element_type=\"widget\" data-widget_type=\"text-editor.default\">\n\t\t\t\t<div class=\"elementor-widget-container\">\n\t\t\t\t\t\t\t\t\t<p><span style=\"color: var( --e-global-color-primary ); font-family: var( --e-global-typography-text-font-family ), Sans-serif; font-style: inherit; font-weight: 400;\">Questa decisione riapre quindi le graduatorie dell&#8217;anno scorso che potrebbero ancora scorrere per i posti che non sono stati assegnati in seguito al verdetto di gennaio.<\/span><\/p>\t\t\t\t\t\t\t\t<\/div>\n\t\t\t\t<\/div>\n\t\t\t\t<div class=\"elementor-element elementor-element-22dc975 elementor-widget-divider--view-line elementor-widget elementor-widget-divider\" data-id=\"22dc975\" data-element_type=\"widget\" data-widget_type=\"divider.default\">\n\t\t\t\t<div class=\"elementor-widget-container\">\n\t\t\t\t\t\t\t<div class=\"elementor-divider\">\n\t\t\t<span class=\"elementor-divider-separator\">\n\t\t\t\t\t\t<\/span>\n\t\t<\/div>\n\t\t\t\t\t\t<\/div>\n\t\t\t\t<\/div>\n\t\t\t\t<div class=\"elementor-element elementor-element-e1e9d2b elementor-widget elementor-widget-heading\" data-id=\"e1e9d2b\" data-element_type=\"widget\" data-widget_type=\"heading.default\">\n\t\t\t\t<div class=\"elementor-widget-container\">\n\t\t\t\t\t<h3 class=\"elementor-heading-title elementor-size-medium\">Cosa succede per chi ha fatto il test in quarta superiore?<\/h3>\t\t\t\t<\/div>\n\t\t\t\t<\/div>\n\t\t\t\t<div class=\"elementor-element elementor-element-560ff8d elementor-widget__width-initial elementor-widget elementor-widget-text-editor\" data-id=\"560ff8d\" data-element_type=\"widget\" data-widget_type=\"text-editor.default\">\n\t\t\t\t<div class=\"elementor-widget-container\">\n\t\t\t\t\t\t\t\t\t<p><span style=\"font-weight: 400;\">Ci\u00f2 che rende la situazione ancora pi\u00f9 complessa \u00e8 il destino degli studenti che avevano sostenuto il test al quarto anno di scuola superiore. Per loro, la prova sostenuta era stata annullata, perdendo il diritto di entrare nelle graduatorie. Con l&#8217;ordinanza del Consiglio di Stato, <strong>il test riprende validit\u00e0 per questi studenti, ma dovranno comunque aspettare la decisione definitiva che sar\u00e0 presa solo a luglio<\/strong>.\u00a0Di conseguenza, dovranno comunque affrontare il test 2024 per provare ad entrare a Medicina quest&#8217;anno.<\/span><\/p>\t\t\t\t\t\t\t\t<\/div>\n\t\t\t\t<\/div>\n\t\t\t\t<div class=\"elementor-element elementor-element-bbbe8fe elementor-widget-divider--view-line elementor-widget elementor-widget-divider\" data-id=\"bbbe8fe\" data-element_type=\"widget\" data-widget_type=\"divider.default\">\n\t\t\t\t<div class=\"elementor-widget-container\">\n\t\t\t\t\t\t\t<div class=\"elementor-divider\">\n\t\t\t<span class=\"elementor-divider-separator\">\n\t\t\t\t\t\t<\/span>\n\t\t<\/div>\n\t\t\t\t\t\t<\/div>\n\t\t\t\t<\/div>\n\t\t\t\t<div class=\"elementor-element elementor-element-ebcb122 elementor-widget elementor-widget-heading\" data-id=\"ebcb122\" data-element_type=\"widget\" data-widget_type=\"heading.default\">\n\t\t\t\t<div class=\"elementor-widget-container\">\n\t\t\t\t\t<h3 class=\"elementor-heading-title elementor-size-medium\">Quando ci sar\u00e0 la conclusione definitiva?<\/h3>\t\t\t\t<\/div>\n\t\t\t\t<\/div>\n\t\t\t\t<div class=\"elementor-element elementor-element-2faccd4 elementor-widget__width-initial elementor-widget elementor-widget-text-editor\" data-id=\"2faccd4\" data-element_type=\"widget\" data-widget_type=\"text-editor.default\">\n\t\t\t\t<div class=\"elementor-widget-container\">\n\t\t\t\t\t\t\t\t\t<p><span style=\"font-weight: 400;\">Un ulteriore elemento da considerare \u00e8 il tempismo. Se anche il 9 luglio si dovesse arrivare a una conclusione, essa giungerebbe dopo la prima sessione del test d&#8217;ingresso del 2024, e molto vicino alla seconda sessione, previste rispettivamente per il 28 maggio e il 30 luglio.\u00a0<\/span><\/p><p><span style=\"font-weight: 400;\">Le maggiori testate giornalistiche lasciano intendere che le modalit\u00e0 decise per il 2024<strong> probabilmente rimarranno invariate<\/strong>. Tuttavia, resta da comprendere come verranno tutelate le esigenze degli studenti che si trovano in questa situazione di incertezza, soprattutto dei quartini.\u00a0\u00a0<\/span><\/p><p><span style=\"font-weight: 400;\">Potrebbe essere quindi prevista una <strong>particolare sentenza ad hoc<\/strong>, che era stata gi\u00e0 proposta sotto forma di emendamento al decreto PNRR (il Dl 19\/2024), attualmente in esame alla Camera. Questa proposta era stata dichiarata inammissibile, ma potrebbe essere rivalutata e accettata attraverso un accordo unanime tra maggioranza e opposizione.<\/span><\/p>\t\t\t\t\t\t\t\t<\/div>\n\t\t\t\t<\/div>\n\t\t\t\t<div class=\"elementor-element elementor-element-b6651cb elementor-widget-divider--view-line elementor-widget elementor-widget-divider\" data-id=\"b6651cb\" data-element_type=\"widget\" data-widget_type=\"divider.default\">\n\t\t\t\t<div class=\"elementor-widget-container\">\n\t\t\t\t\t\t\t<div class=\"elementor-divider\">\n\t\t\t<span class=\"elementor-divider-separator\">\n\t\t\t\t\t\t<\/span>\n\t\t<\/div>\n\t\t\t\t\t\t<\/div>\n\t\t\t\t<\/div>\n\t\t\t\t\t<\/div>\n\t\t<\/div>\n\t\t\t\t\t<\/div>\n\t\t<\/section>\n\t\t\t\t<section class=\"elementor-section elementor-top-section elementor-element elementor-element-691a116 elementor-section-boxed elementor-section-height-default elementor-section-height-default wpr-particle-no wpr-jarallax-no wpr-parallax-no wpr-sticky-section-no\" data-id=\"691a116\" data-element_type=\"section\">\n\t\t\t\t\t\t<div class=\"elementor-container elementor-column-gap-default\">\n\t\t\t\t\t<div class=\"elementor-column elementor-col-100 elementor-top-column elementor-element elementor-element-384fa50\" data-id=\"384fa50\" data-element_type=\"column\">\n\t\t\t<div class=\"elementor-widget-wrap elementor-element-populated\">\n\t\t\t\t\t\t<div class=\"elementor-element elementor-element-e196936 elementor-widget elementor-widget-text-editor\" data-id=\"e196936\" data-element_type=\"widget\" data-widget_type=\"text-editor.default\">\n\t\t\t\t<div class=\"elementor-widget-container\">\n\t\t\t\t\t\t\t\t\t<p><span style=\"font-weight: 400;\">In sostanza, la situazione attuale dei test di Medicina \u00e8 ancora molto fluida e incerta. Resta da vedere come si evolver\u00e0 questa nuova ordinanza cautelare fino a luglio e quali saranno le conseguenze per gli aspiranti medici.\u00a0<\/span><\/p><p><span style=\"font-weight: 400;\">Continua a seguirci sul <a href=\"https:\/\/thefacultyapp.com\/news\/blog\/\"><strong>blognotes thefaculty<\/strong><\/a> e sui nostri social per restare aggiornat*!<\/span><\/p>\t\t\t\t\t\t\t\t<\/div>\n\t\t\t\t<\/div>\n\t\t\t\t<div class=\"elementor-element elementor-element-b2d9ed1 elementor-shape-circle elementor-grid-0 e-grid-align-center elementor-widget elementor-widget-social-icons\" data-id=\"b2d9ed1\" data-element_type=\"widget\" data-widget_type=\"social-icons.default\">\n\t\t\t\t<div class=\"elementor-widget-container\">\n\t\t\t\t\t\t\t<div class=\"elementor-social-icons-wrapper elementor-grid\">\n\t\t\t\t\t\t\t<span class=\"elementor-grid-item\">\n\t\t\t\t\t<a class=\"elementor-icon elementor-social-icon elementor-social-icon-tiktok elementor-repeater-item-37b597c\" href=\"https:\/\/www.tiktok.com\/@thefacultyapp\" target=\"_blank\" rel=\"noopener\">\n\t\t\t\t\t\t<span class=\"elementor-screen-only\">Tiktok<\/span>\n\t\t\t\t\t\t<i class=\"fab fa-tiktok\"><\/i>\t\t\t\t\t<\/a>\n\t\t\t\t<\/span>\n\t\t\t\t\t\t\t<span class=\"elementor-grid-item\">\n\t\t\t\t\t<a class=\"elementor-icon elementor-social-icon elementor-social-icon-instagram elementor-repeater-item-0453d4a\" href=\"https:\/\/www.instagram.com\/thefacultyapp\/\" target=\"_blank\" rel=\"noopener\">\n\t\t\t\t\t\t<span class=\"elementor-screen-only\">Instagram<\/span>\n\t\t\t\t\t\t<i class=\"fab fa-instagram\"><\/i>\t\t\t\t\t<\/a>\n\t\t\t\t<\/span>\n\t\t\t\t\t<\/div>\n\t\t\t\t\t\t<\/div>\n\t\t\t\t<\/div>\n\t\t\t\t<div class=\"elementor-element elementor-element-3752ed4 elementor-widget-divider--view-line elementor-widget elementor-widget-divider\" data-id=\"3752ed4\" data-element_type=\"widget\" data-widget_type=\"divider.default\">\n\t\t\t\t<div class=\"elementor-widget-container\">\n\t\t\t\t\t\t\t<div class=\"elementor-divider\">\n\t\t\t<span class=\"elementor-divider-separator\">\n\t\t\t\t\t\t<\/span>\n\t\t<\/div>\n\t\t\t\t\t\t<\/div>\n\t\t\t\t<\/div>\n\t\t\t\t<div class=\"elementor-element elementor-element-32371cc elementor-widget elementor-widget-heading\" data-id=\"32371cc\" data-element_type=\"widget\" data-widget_type=\"heading.default\">\n\t\t\t\t<div class=\"elementor-widget-container\">\n\t\t\t\t\t<p class=\"elementor-heading-title elementor-size-medium\">Se stai pensando di sostenere il test di Medicina 2024 puoi esercitarti con l\u2019app thefaculty in maniera completamente gratuita e certificata!&nbsp;<\/p>\t\t\t\t<\/div>\n\t\t\t\t<\/div>\n\t\t\t\t<div class=\"elementor-element elementor-element-cfe3e1c elementor-align-center elementor-widget elementor-widget-button\" data-id=\"cfe3e1c\" data-element_type=\"widget\" data-widget_type=\"button.default\">\n\t\t\t\t<div class=\"elementor-widget-container\">\n\t\t\t\t\t\t\t\t\t<div class=\"elementor-button-wrapper\">\n\t\t\t\t\t<a class=\"elementor-button elementor-button-link elementor-size-md\" href=\"https:\/\/tfly.app\/blogvsapp\" target=\"_blank\" rel=\"noopener\">\n\t\t\t\t\t\t<span class=\"elementor-button-content-wrapper\">\n\t\t\t\t\t\t\t\t\t<span class=\"elementor-button-text\">Clicca qui<\/span>\n\t\t\t\t\t<\/span>\n\t\t\t\t\t<\/a>\n\t\t\t\t<\/div>\n\t\t\t\t\t\t\t\t<\/div>\n\t\t\t\t<\/div>\n\t\t\t\t\t<\/div>\n\t\t<\/div>\n\t\t\t\t\t<\/div>\n\t\t<\/section>\n\t\t\t\t<\/div>\n\t\t","protected":false},"excerpt":{"rendered":"<p>La graduatoria del TOLC MED 2023 \u00e8 stata ripristinata, cos\u00ec come la validit\u00e0 del bando. Il Consiglio di Stato ha infatti bloccato il TAR. Tutti i dettagli e quando sar\u00e0 la sentenza<\/p>\n","protected":false},"author":9,"featured_media":3438,"comment_status":"closed","ping_status":"open","sticky":false,"template":"","format":"standard","meta":{"content-type":"","_lmt_disableupdate":"","_lmt_disable":"","site-sidebar-layout":"default","site-content-layout":"default","ast-global-header-display":"","ast-main-header-display":"","ast-hfb-above-header-display":"","ast-hfb-below-header-display":"","ast-hfb-mobile-header-display":"","site-post-title":"","ast-breadcrumbs-content":"","ast-featured-img":"","footer-sml-layout":"","theme-transparent-header-meta":"","adv-header-id-meta":"","stick-header-meta":"","header-above-stick-meta":"","header-main-stick-meta":"","header-below-stick-meta":"","footnotes":""},"categories":[78,75],"tags":[],"class_list":["post-3430","post","type-post","status-publish","format-standard","has-post-thumbnail","hentry","category-test-medicina","category-universita"],"modified_by":"Arianna Frescaroli","_links":{"self":[{"href":"https:\/\/thefacultyapp.com\/news\/wp-json\/wp\/v2\/posts\/3430","targetHints":{"allow":["GET"]}}],"collection":[{"href":"https:\/\/thefacultyapp.com\/news\/wp-json\/wp\/v2\/posts"}],"about":[{"href":"https:\/\/thefacultyapp.com\/news\/wp-json\/wp\/v2\/types\/post"}],"author":[{"embeddable":true,"href":"https:\/\/thefacultyapp.com\/news\/wp-json\/wp\/v2\/users\/9"}],"replies":[{"embeddable":true,"href":"https:\/\/thefacultyapp.com\/news\/wp-json\/wp\/v2\/comments?post=3430"}],"version-history":[{"count":32,"href":"https:\/\/thefacultyapp.com\/news\/wp-json\/wp\/v2\/posts\/3430\/revisions"}],"predecessor-version":[{"id":3739,"href":"https:\/\/thefacultyapp.com\/news\/wp-json\/wp\/v2\/posts\/3430\/revisions\/3739"}],"wp:featuredmedia":[{"embeddable":true,"href":"https:\/\/thefacultyapp.com\/news\/wp-json\/wp\/v2\/media\/3438"}],"wp:attachment":[{"href":"https:\/\/thefacultyapp.com\/news\/wp-json\/wp\/v2\/media?parent=3430"}],"wp:term":[{"taxonomy":"category","embeddable":true,"href":"https:\/\/thefacultyapp.com\/news\/wp-json\/wp\/v2\/categories?post=3430"},{"taxonomy":"post_tag","embeddable":true,"href":"https:\/\/thefacultyapp.com\/news\/wp-json\/wp\/v2\/tags?post=3430"}],"curies":[{"name":"wp","href":"https:\/\/api.w.org\/{rel}","templated":true}]}}